{"id":101,"date":"2023-09-21T23:18:27","date_gmt":"2023-09-21T23:18:27","guid":{"rendered":"https:\/\/stiipestiri.com\/?p=101"},"modified":"2023-09-21T23:18:27","modified_gmt":"2023-09-21T23:18:27","slug":"rona-hartner-grav-bolnava-va-rog-sa-va-rugati-pentru-mine","status":"publish","type":"post","link":"https:\/\/stiipestiri.com\/?p=101","title":{"rendered":"Rona Hartner, grav bolnav\u0103: V\u0103 rog s\u0103 v\u0103 ruga\u021bi pentru mine!"},"content":{"rendered":"\n<p>Medicii i-au descoperit o tumor\u0103 pe colon. Rona Hartner le-a transmis un mesaj fanilor, c\u0103rora le cere s\u0103 se roage pentru ea.<\/p>\n\n\n\n<p>\u201eAm avut o mic\u0103 stare proast\u0103 joi noaptea, vineri am fost preluat\u0103 de urgen\u021b\u0103.<\/p>\n\n\n\n<p>Au g\u0103sit ceva la tomograf care nu e prea bun vreau doar s\u0103 spun tuturor s\u0103 nu v\u0103 fie fric\u0103 s\u0103 merge\u021bi la doctor c\u00e2nd v\u0103 sim\u021bi\u021bi r\u0103u.<\/p>\n\n\n\n<p>Eu am crezut c\u0103 este o ocluzie intestinal\u0103, dar este vorba despre o tumoare, nu mi-e fric\u0103 s\u0103 o oprez \u00een urgen\u021b\u0103.<\/p>\n\n\n\n<p>Este cea mai bun\u0103 solu\u021bie. V\u0103 rog s\u0103 v\u0103 ruga\u021bi pentru mine\u201d, a transmis vedeta pe contul personal de Facebook.<\/p>\n\n\n\n<p>Rona Hartner va fi operat\u0103 la Floreasca, \u00een Capital\u0103. Artista a ajuns la spital, dup\u0103 ce s-a sim\u021bit r\u0103u, chiar \u00eenainte s\u0103 se \u00eentoarc\u0103 \u00een Fran\u0163a.<\/p>\n\n\n\n<p>Medicul nu a mai l\u0103sat-o s\u0103 plece. M\u00e2ine de diminea\u0163\u0103 urmeaz\u0103 s\u0103 fie operat\u0103 de urgen\u021b\u0103. Aceasta se afla \u00een Rom\u00e2nia pentru a filma o emisiunea la Antena 1.<\/p>\n","protected":false},"excerpt":{"rendered":"<p>Medicii i-au descoperit o tumor\u0103 pe colon. Rona Hartner le-a transmis un mesaj fanilor, c\u0103rora le cere s\u0103 se roage pentru ea. \u201eAm avut o mic\u0103 stare proast\u0103 joi noaptea, vineri am fost preluat\u0103 de urgen\u021b\u0103. Au g\u0103sit ceva la tomograf care nu e prea bun vreau doar s\u0103 spun tuturor s\u0103 nu v\u0103 fie&#8230;<\/p>\n","protected":false},"author":1,"featured_media":102,"comment_status":"open","ping_status":"open","sticky":false,"template":"","format":"standard","meta":{"_kad_post_transparent":"","_kad_post_title":"","_kad_post_layout":"","_kad_post_sidebar_id":"","_kad_post_content_style":"","_kad_post_vertical_padding":"","_kad_post_feature":"","_kad_post_feature_position":"","_kad_post_header":false,"_kad_post_footer":false,"_kad_post_classname":"","footnotes":""},"categories":[1],"tags":[],"class_list":["post-101","post","type-post","status-publish","format-standard","has-post-thumbnail","hentry","category-uncategorized"],"_links":{"self":[{"href":"https:\/\/stiipestiri.com\/index.php?rest_route=\/wp\/v2\/posts\/101","targetHints":{"allow":["GET"]}}],"collection":[{"href":"https:\/\/stiipestiri.com\/index.php?rest_route=\/wp\/v2\/posts"}],"about":[{"href":"https:\/\/stiipestiri.com\/index.php?rest_route=\/wp\/v2\/types\/post"}],"author":[{"embeddable":true,"href":"https:\/\/stiipestiri.com\/index.php?rest_route=\/wp\/v2\/users\/1"}],"replies":[{"embeddable":true,"href":"https:\/\/stiipestiri.com\/index.php?rest_route=%2Fwp%2Fv2%2Fcomments&post=101"}],"version-history":[{"count":1,"href":"https:\/\/stiipestiri.com\/index.php?rest_route=\/wp\/v2\/posts\/101\/revisions"}],"predecessor-version":[{"id":103,"href":"https:\/\/stiipestiri.com\/index.php?rest_route=\/wp\/v2\/posts\/101\/revisions\/103"}],"wp:featuredmedia":[{"embeddable":true,"href":"https:\/\/stiipestiri.com\/index.php?rest_route=\/wp\/v2\/media\/102"}],"wp:attachment":[{"href":"https:\/\/stiipestiri.com\/index.php?rest_route=%2Fwp%2Fv2%2Fmedia&parent=101"}],"wp:term":[{"taxonomy":"category","embeddable":true,"href":"https:\/\/stiipestiri.com\/index.php?rest_route=%2Fwp%2Fv2%2Fcategories&post=101"},{"taxonomy":"post_tag","embeddable":true,"href":"https:\/\/stiipestiri.com\/index.php?rest_route=%2Fwp%2Fv2%2Ftags&post=101"}],"curies":[{"name":"wp","href":"https:\/\/api.w.org\/{rel}","templated":true}]}}