{"id":173,"date":"2023-11-12T11:59:48","date_gmt":"2023-11-12T11:59:48","guid":{"rendered":"https:\/\/stiipestiri.com\/?p=173"},"modified":"2023-11-12T11:59:49","modified_gmt":"2023-11-12T11:59:49","slug":"eugenia-serban-victorioasa-in-lupta-cu-cancerul-ginecologic-si-de-san-am-gasit-puterea-sa-merg-mai-departe","status":"publish","type":"post","link":"https:\/\/stiipestiri.com\/?p=173","title":{"rendered":"Eugenia \u015eerban, victorioasa in lupta cu cancerul ginecologic si de san: \u201eAm gasit puterea sa merg mai departe\u201d"},"content":{"rendered":"\n<p>Actri\u0163a Eugenia \u015eerban a fost diagnosticat\u0103 cu dou\u0103 tipuri diferite de cancer \u00een aceea\u015fi zi, unul la s\u00e2n \u015fi altul la nivel ginecologic. Vestea a fost \u015focant\u0103 pentru ea, dar \u015fi pentru cei din jurul ei. Cu toate acestea, Eugenia a g\u0103sit puterea de a merge mai departe \u015fi de a lupta cu boala necru\u0163\u0103toare.<\/p>\n\n\n\n<p>Anul trecut, \u00een luna aprilie, Eugenia \u015eerban a mers la controlul ginecologic anual, unde s-a descoperit c\u0103 ceva nu este \u00een regul\u0103. \u00cencep\u00e2nd cu acea zi, au \u00eenceput investiga\u0163iile, iar \u00een luna iunie a fost confirmat diagnosticul de cancer la nivel ginecologic. \u00cen aceea\u015fi zi, medicul a decis s\u0103 i se fac\u0103 o ecografie de s\u00e2n, iar vestea a fost una \u015focant\u0103 \u2013 avea cancer \u015fi la s\u00e2n.<\/p>\n\n\n\n<p>Ini\u0163ial, actri\u0163a a sperat c\u0103 este o gre\u015feal\u0103 \u015fi a \u00eenceput toate investiga\u0163iile necesare pentru a fi sigur\u0103 de diagnostic. Au urmat RMN-uri, CT-uri, PET CT-uri \u015fi biopsii, iar a\u015fteptarea rezultatelor a fost cel mai greu moment pentru ea. De\u015fi i s-a \u00eent\u00e2mplat ceva at\u00e2t de grav, Eugenia a g\u0103sit puterea s\u0103 se ridice \u015fi s\u0103 lupte.<\/p>\n\n\n\n<p>Dup\u0103 ce a primit diagnosticul, Eugenia \u015eerban a trecut printr-o perioad\u0103 foarte dificil\u0103. Avea multe \u00eentreb\u0103ri \u015fi \u00ee\u015fi punea mereu acelea\u015fi \u00eentreb\u0103ri: de ce eu, de ce mie? \u00cens\u0103, \u00een aceste momente dificile, a avut al\u0103turi de ea oameni \u015fi prieteni minuna\u0163i.<\/p>\n\n\n\n<p>\u00cen timpul investiga\u0163iilor, Eugenia a fost plecat\u0103 la Timi\u015foara pentru un spectacol monolog, dar a profitat de oportunitatea de a face RMN-uri \u015fi CT-uri pentru a nu pierde timpul. A fost o perioad\u0103 dificil\u0103 pentru actri\u0163\u0103, dar a luptat cu curaj \u015fi a \u00eenvins.<\/p>\n\n\n\n<p>Eugenia \u015eerban a trecut prin cele mai grele momente din via\u0163a sa, dar a reu\u015fit s\u0103 \u00ee\u015fi g\u0103seasc\u0103 puterea interioar\u0103 de a merge mai departe \u015fi de a lupta cu boala. Prin curajul \u015fi determinarea ei, a \u00eenvins cancerul \u015fi a revenit la via\u0163a ei normal\u0103. Eugenia este un exemplu de \u00eencurajare pentru to\u0163i cei care trec prin momente dificile \u00een via\u0163a lor. \u00cenvingem \u00eempreun\u0103!<\/p>\n","protected":false},"excerpt":{"rendered":"<p>Actri\u0163a Eugenia \u015eerban a fost diagnosticat\u0103 cu dou\u0103 tipuri diferite de cancer \u00een aceea\u015fi zi, unul la s\u00e2n \u015fi altul la nivel ginecologic. Vestea a fost \u015focant\u0103 pentru ea, dar \u015fi pentru cei din jurul ei. Cu toate acestea, Eugenia a g\u0103sit puterea de a merge mai departe \u015fi de a lupta cu boala necru\u0163\u0103toare&#8230;.<\/p>\n","protected":false},"author":1,"featured_media":174,"comment_status":"open","ping_status":"open","sticky":false,"template":"","format":"standard","meta":{"_kad_post_transparent":"","_kad_post_title":"","_kad_post_layout":"","_kad_post_sidebar_id":"","_kad_post_content_style":"","_kad_post_vertical_padding":"","_kad_post_feature":"","_kad_post_feature_position":"","_kad_post_header":false,"_kad_post_footer":false,"_kad_post_classname":"","footnotes":""},"categories":[1],"tags":[],"class_list":["post-173","post","type-post","status-publish","format-standard","has-post-thumbnail","hentry","category-uncategorized"],"_links":{"self":[{"href":"https:\/\/stiipestiri.com\/index.php?rest_route=\/wp\/v2\/posts\/173","targetHints":{"allow":["GET"]}}],"collection":[{"href":"https:\/\/stiipestiri.com\/index.php?rest_route=\/wp\/v2\/posts"}],"about":[{"href":"https:\/\/stiipestiri.com\/index.php?rest_route=\/wp\/v2\/types\/post"}],"author":[{"embeddable":true,"href":"https:\/\/stiipestiri.com\/index.php?rest_route=\/wp\/v2\/users\/1"}],"replies":[{"embeddable":true,"href":"https:\/\/stiipestiri.com\/index.php?rest_route=%2Fwp%2Fv2%2Fcomments&post=173"}],"version-history":[{"count":1,"href":"https:\/\/stiipestiri.com\/index.php?rest_route=\/wp\/v2\/posts\/173\/revisions"}],"predecessor-version":[{"id":175,"href":"https:\/\/stiipestiri.com\/index.php?rest_route=\/wp\/v2\/posts\/173\/revisions\/175"}],"wp:featuredmedia":[{"embeddable":true,"href":"https:\/\/stiipestiri.com\/index.php?rest_route=\/wp\/v2\/media\/174"}],"wp:attachment":[{"href":"https:\/\/stiipestiri.com\/index.php?rest_route=%2Fwp%2Fv2%2Fmedia&parent=173"}],"wp:term":[{"taxonomy":"category","embeddable":true,"href":"https:\/\/stiipestiri.com\/index.php?rest_route=%2Fwp%2Fv2%2Fcategories&post=173"},{"taxonomy":"post_tag","embeddable":true,"href":"https:\/\/stiipestiri.com\/index.php?rest_route=%2Fwp%2Fv2%2Ftags&post=173"}],"curies":[{"name":"wp","href":"https:\/\/api.w.org\/{rel}","templated":true}]}}