{"id":188,"date":"2023-11-12T12:06:18","date_gmt":"2023-11-12T12:06:18","guid":{"rendered":"https:\/\/stiipestiri.com\/?p=188"},"modified":"2023-11-12T12:06:19","modified_gmt":"2023-11-12T12:06:19","slug":"are-128-de-ani-si-cea-mai-trista-poveste-de-viata-nu-am-avut-nici-macar-o-zi-fericita","status":"publish","type":"post","link":"https:\/\/stiipestiri.com\/?p=188","title":{"rendered":"Are 128 De Ani \u0218i Cea Mai Trist\u0103 Poveste De Via\u021b\u0103: \u201eNu Am Avut Nici M\u0103car O Zi Fericit\u0103"},"content":{"rendered":"\n<p>B\u0103tr\u00e2na a implinit v\u00e2rsta de 129 de ani, dar ea nu pare deloc \u00eenc\u00e2ntat\u0103 de acest lucru. \u201eNu am avut nici m\u0103car o zi fericit\u0103 \u00een via\u021ba mea. Mereu am muncit din greu \u0219i am s\u0103pat \u00een gr\u0103din\u0103.<\/p>\n\n\n\n<p>Sunt obosit\u0103. Via\u021ba lung\u0103 nu e un cadou de la Dumnezeu pentru mine, ci o pedeaps\u0103\u201d, a mai ad\u0103ugat ea.<\/p>\n\n\n\n<p>Autorit\u0103\u021bile din Rusia sus\u021bin c\u0103 b\u0103tr\u00e2na este \u00een prezent cel mai b\u0103tr\u00e2n om din lume, dar Koku nu-\u0219i arat\u0103 deloc v\u00e2rsta.<\/p>\n\n\n\n<p>Rudele femeii spun c\u0103 \u00een urm\u0103 cu cinci ani \u0219i-a pierdut \u0219i ultima fiic\u0103, Tamara, care s-a stins din via\u021b\u0103 la 104 ani. Koku poate s\u0103 vorbeasc\u0103, s\u0103 m\u0103n\u00e2nce \u0219i s\u0103 mearg\u0103 f\u0103r\u0103 ajutor, dar a \u00eenceput s\u0103-\u0219i piard\u0103 vederea.<\/p>\n\n\n\n<p>Istambulova nu m\u0103n\u00e2nc\u0103 carne, ci prefer\u0103 supele crem\u0103 de legume \u0219i ador\u0103 laptele fermentat. Ea s-a n\u0103scut pe 1 iunie 1889,<\/p>\n\n\n\n<p>dup\u0103 cum arat\u0103 buletinul ei, \u0219i dac\u0103 aceast\u0103 dat\u0103 este corect\u0103, femeia avea 27 de ani c\u00e2nd ultimul \u021bar Nicholas al II-lea a fost for\u021bat s\u0103 abdice \u00een martie 1917 \u0219i 55 de ani c\u00e2nd s-a terminat cel<\/p>\n\n\n\n<p>de-Al Doilea R\u0103zboi Mondial, \u00een 1945. Istambulova poveste\u0219te c\u0103 era \u00eensp\u0103im\u00e2nt\u0103tor \u00een timpul r\u0103zboiului, c\u00e2nd tancurile nazi\u0219tilor treceau pe l\u00e2ng\u0103 casa familiei ei.<\/p>\n\n\n\n<p>Via\u021ba ei nu a fost deloc fericit\u0103<\/p>\n\n\n\n<p>\u201eAm supravie\u021buit R\u0103zboiului Civil (dup\u0103 revolu\u021bia bol\u0219evic\u0103), celui de-Al Doilea R\u0103zboi de Mondial, deportarii na\u021biunii noastre \u00een 1944 \u0219i celor dou\u0103 r\u0103zboaie cecene. \u0218i acum sunt convins\u0103 c\u0103 via\u021ba mea nu a fost deloc una fericir\u0103. \u00cemi aduc aminte cum tancurile germane treceau pe l\u00e2ng\u0103 casele noastre. Era \u00eensp\u0103im\u00e2nt\u0103tor,<\/p>\n\n\n\n<p>dar \u00eencercam s\u0103 nu ar\u0103t asta, \u00een timp ce ne ascundeam prin cas\u0103. Via\u021ba \u00een Kazakhstan a fost cea mai grea pentru mine. \u0218i \u00een exil- am stat \u0219i \u00een Siberia, de asemenea- dar \u00een Kazakhstan sim\u021beam cum oamenii ne ur\u0103sc. \u00cen fiecare zi, visam s\u0103 m\u0103 \u00eentorc acas\u0103\u201d, a povestit Koku.<\/p>\n\n\n\n<p>\u201eMunca \u00een gr\u0103din\u0103 m\u0103 ajuta s\u0103 scap de g\u00e2ndurile triste, dar \u00een sufletul meu mereu \u00eemi doream s\u0103 m\u0103 \u00eentorc acas\u0103\u201d, a mai ad\u0103ugat ea.<\/p>\n\n\n\n<p>B\u0103tr\u00e2na nu vrea s\u0103 vorbeasc\u0103 despre tragedia prin care a trecut familia ei, dar ea a pierdut mai mul\u021bi copii, inclusiv un fiu, \u00een v\u00e2rst\u0103 de \u0219ase ani.<\/p>\n\n\n\n<p>\u201eG\u00e2ndindu-m\u0103 la via\u021ba mea nefericit\u0103, mi-as fi dorit s\u0103 mor de t\u00e2n\u0103r\u0103. Am muncit toat\u0103 via\u021ba mea. Nu am avut timp s\u0103 m\u0103 odihnesc sau s\u0103 m\u0103 relaxez. Trebuia fie s\u0103 s\u0103p\u0103m p\u0103m\u00e2ntul, fie s\u0103 plant\u0103m pepeni\u201d, \u00eencheie aceasta<\/p>\n","protected":false},"excerpt":{"rendered":"<p>B\u0103tr\u00e2na a implinit v\u00e2rsta de 129 de ani, dar ea nu pare deloc \u00eenc\u00e2ntat\u0103 de acest lucru. \u201eNu am avut nici m\u0103car o zi fericit\u0103 \u00een via\u021ba mea. Mereu am muncit din greu \u0219i am s\u0103pat \u00een gr\u0103din\u0103. Sunt obosit\u0103. Via\u021ba lung\u0103 nu e un cadou de la Dumnezeu pentru mine, ci o pedeaps\u0103\u201d, a&#8230;<\/p>\n","protected":false},"author":1,"featured_media":189,"comment_status":"open","ping_status":"open","sticky":false,"template":"","format":"standard","meta":{"_kad_post_transparent":"","_kad_post_title":"","_kad_post_layout":"","_kad_post_sidebar_id":"","_kad_post_content_style":"","_kad_post_vertical_padding":"","_kad_post_feature":"","_kad_post_feature_position":"","_kad_post_header":false,"_kad_post_footer":false,"_kad_post_classname":"","footnotes":""},"categories":[1],"tags":[],"class_list":["post-188","post","type-post","status-publish","format-standard","has-post-thumbnail","hentry","category-uncategorized"],"_links":{"self":[{"href":"https:\/\/stiipestiri.com\/index.php?rest_route=\/wp\/v2\/posts\/188","targetHints":{"allow":["GET"]}}],"collection":[{"href":"https:\/\/stiipestiri.com\/index.php?rest_route=\/wp\/v2\/posts"}],"about":[{"href":"https:\/\/stiipestiri.com\/index.php?rest_route=\/wp\/v2\/types\/post"}],"author":[{"embeddable":true,"href":"https:\/\/stiipestiri.com\/index.php?rest_route=\/wp\/v2\/users\/1"}],"replies":[{"embeddable":true,"href":"https:\/\/stiipestiri.com\/index.php?rest_route=%2Fwp%2Fv2%2Fcomments&post=188"}],"version-history":[{"count":1,"href":"https:\/\/stiipestiri.com\/index.php?rest_route=\/wp\/v2\/posts\/188\/revisions"}],"predecessor-version":[{"id":190,"href":"https:\/\/stiipestiri.com\/index.php?rest_route=\/wp\/v2\/posts\/188\/revisions\/190"}],"wp:featuredmedia":[{"embeddable":true,"href":"https:\/\/stiipestiri.com\/index.php?rest_route=\/wp\/v2\/media\/189"}],"wp:attachment":[{"href":"https:\/\/stiipestiri.com\/index.php?rest_route=%2Fwp%2Fv2%2Fmedia&parent=188"}],"wp:term":[{"taxonomy":"category","embeddable":true,"href":"https:\/\/stiipestiri.com\/index.php?rest_route=%2Fwp%2Fv2%2Fcategories&post=188"},{"taxonomy":"post_tag","embeddable":true,"href":"https:\/\/stiipestiri.com\/index.php?rest_route=%2Fwp%2Fv2%2Ftags&post=188"}],"curies":[{"name":"wp","href":"https:\/\/api.w.org\/{rel}","templated":true}]}}