{"id":206,"date":"2023-11-12T12:12:27","date_gmt":"2023-11-12T12:12:27","guid":{"rendered":"https:\/\/stiipestiri.com\/?p=206"},"modified":"2023-11-12T12:12:28","modified_gmt":"2023-11-12T12:12:28","slug":"cu-ce-se-ocupa-stareta-acum-si-cum-arata-fetele","status":"publish","type":"post","link":"https:\/\/stiipestiri.com\/?p=206","title":{"rendered":"Cu ce se ocup\u0103 stare\u021ba acum \u0219i cum arat\u0103 fetele?"},"content":{"rendered":"\n<p>Chiar dac\u0103 a fost excomunicat\u0103 de Biserica Ortodox\u0103 \u00een urm\u0103 cu cinci ani pentru c\u0103 a avut o idil\u0103 cu un<\/p>\n\n\n\n<p>c\u0103lug\u0103r, aventur\u0103 din care au rezultat dou\u0103 fete gemene, fosta stare\u021b\u0103 Sebastiana nu a putut s\u0103 \u00eentoarc\u0103<\/p>\n\n\n\n<p>spatele credin\u021bei.<\/p>\n\n\n\n<p>Ana Ecaterina \u0219i Maria Nectaria, feti\u021bele sale, sunt \u00eenv\u0103\u021bate s\u0103 respecte toate regulile \u00eenv\u0103\u021b\u0103turii cre\u0219tine, a\u0219a cum ne-au precizat apropia\u021bi ai femeii.<\/p>\n\n\n\n<p>\u00cen urm\u0103 cu cinci ani, \u00een luna noiembrie, maica de la m\u00e2n\u0103stirea din T\u0103riceni (jude\u021bul C\u0103l\u0103ra\u0219i) n\u0103\u0219tea dou\u0103 fete gemene la<\/p>\n\n\n\n<p>Spitalul Colentina din Bucure\u0219ti. Imediat, a fost acuzat\u0103 din toate p\u0103r\u021bile pentru aceast\u0103 sarcin\u0103, iar acum femeia spune c\u0103 s-a sim\u021bit c\u0103 a fost cea mai dispre\u021buit\u0103 femeie dup\u0103 Revolu\u021bie.<\/p>\n\n\n\n<p>Se pl\u00e2nge pu\u021binilor apropia\u021bi c\u0103 a fost hulit\u0103 f\u0103r\u0103 s\u0103 fac\u0103 r\u0103u vreunei persoane, f\u0103r\u0103 s\u0103 fure ceva.<\/p>\n\n\n\n<p>\u00cens\u0103, \u00een\u021belege c\u0103 a f\u0103cut r\u0103u imaginii Bisericii.<\/p>\n\n\n\n<p>Acum, ajuns\u0103 la v\u00e2rsta de 44 de ani, s-a izolat \u0219i mai mult.<\/p>\n\n\n\n<p>Nu vrea s\u0103 mai aib\u0103 prieteni cu excep\u021bia a dou\u0103-trei persoane care<\/p>\n\n\n\n<p>au ajutat-o.<\/p>\n\n\n\n<p>Oameni care au sprijinit-o \u00een 2011, \u00een perioada c\u00e2nd femeia risca s\u0103 ajung\u0103 pe drumuri cu cei doi bebelu\u0219i.<\/p>\n\n\n\n<p>Unul dintre ace\u0219tia este na\u0219ul feti\u021belor, \u0218tefan Florescu, pre\u0219edintele Funda\u021biei \u201cDin suflet pentru suflet\u201d.<\/p>\n\n\n\n<p>Elena s-a mutat de patru ani \u00een Bucure\u0219ti \u0219i lucreaz\u0103 la o fabric\u0103 de \u00eenc\u0103l\u021b\u0103minte.<\/p>\n\n\n\n<p>Locuie\u0219te singur\u0103, nu are un partener de via\u021b\u0103 \u0219i nici nu este interesat\u0103 s\u0103 ab\u0103 vreo rela\u021bie. O mai ajut\u0103 o prieten\u0103 maic\u0103, acesta av\u00e2nd uneori grij\u0103 de feti\u021be, c\u00e2nd este la munc\u0103.<\/p>\n\n\n\n<p>Experien\u021ba de stare\u021b\u0103 la m\u00e2n\u0103stirii, pozi\u021bie din care se ocupa de administrarea \u0219i \u00eentre\u021binerea l\u0103ca\u0219ului de cult, a ajutat-o pe Elena G\u00e2tlan s\u0103 urce \u0219i \u00een ierarhia fabricii. \u201cAcum lucreaz\u0103 ca gestionar\u0103. Este bine, c\u00e2\u0219tig\u0103 c\u00e2t \u0219\u0103-\u0219i \u00eente\u021bin\u0103 fetele\u201d, ne-a mai transmis \u0218tefan Florescu.<\/p>\n","protected":false},"excerpt":{"rendered":"<p>Chiar dac\u0103 a fost excomunicat\u0103 de Biserica Ortodox\u0103 \u00een urm\u0103 cu cinci ani pentru c\u0103 a avut o idil\u0103 cu un c\u0103lug\u0103r, aventur\u0103 din care au rezultat dou\u0103 fete gemene, fosta stare\u021b\u0103 Sebastiana nu a putut s\u0103 \u00eentoarc\u0103 spatele credin\u021bei. Ana Ecaterina \u0219i Maria Nectaria, feti\u021bele sale, sunt \u00eenv\u0103\u021bate s\u0103 respecte toate regulile \u00eenv\u0103\u021b\u0103turii cre\u0219tine,&#8230;<\/p>\n","protected":false},"author":1,"featured_media":207,"comment_status":"open","ping_status":"open","sticky":false,"template":"","format":"standard","meta":{"_kad_post_transparent":"","_kad_post_title":"","_kad_post_layout":"","_kad_post_sidebar_id":"","_kad_post_content_style":"","_kad_post_vertical_padding":"","_kad_post_feature":"","_kad_post_feature_position":"","_kad_post_header":false,"_kad_post_footer":false,"_kad_post_classname":"","footnotes":""},"categories":[1],"tags":[],"class_list":["post-206","post","type-post","status-publish","format-standard","has-post-thumbnail","hentry","category-uncategorized"],"_links":{"self":[{"href":"https:\/\/stiipestiri.com\/index.php?rest_route=\/wp\/v2\/posts\/206","targetHints":{"allow":["GET"]}}],"collection":[{"href":"https:\/\/stiipestiri.com\/index.php?rest_route=\/wp\/v2\/posts"}],"about":[{"href":"https:\/\/stiipestiri.com\/index.php?rest_route=\/wp\/v2\/types\/post"}],"author":[{"embeddable":true,"href":"https:\/\/stiipestiri.com\/index.php?rest_route=\/wp\/v2\/users\/1"}],"replies":[{"embeddable":true,"href":"https:\/\/stiipestiri.com\/index.php?rest_route=%2Fwp%2Fv2%2Fcomments&post=206"}],"version-history":[{"count":1,"href":"https:\/\/stiipestiri.com\/index.php?rest_route=\/wp\/v2\/posts\/206\/revisions"}],"predecessor-version":[{"id":208,"href":"https:\/\/stiipestiri.com\/index.php?rest_route=\/wp\/v2\/posts\/206\/revisions\/208"}],"wp:featuredmedia":[{"embeddable":true,"href":"https:\/\/stiipestiri.com\/index.php?rest_route=\/wp\/v2\/media\/207"}],"wp:attachment":[{"href":"https:\/\/stiipestiri.com\/index.php?rest_route=%2Fwp%2Fv2%2Fmedia&parent=206"}],"wp:term":[{"taxonomy":"category","embeddable":true,"href":"https:\/\/stiipestiri.com\/index.php?rest_route=%2Fwp%2Fv2%2Fcategories&post=206"},{"taxonomy":"post_tag","embeddable":true,"href":"https:\/\/stiipestiri.com\/index.php?rest_route=%2Fwp%2Fv2%2Ftags&post=206"}],"curies":[{"name":"wp","href":"https:\/\/api.w.org\/{rel}","templated":true}]}}