{"id":209,"date":"2023-11-12T12:12:59","date_gmt":"2023-11-12T12:12:59","guid":{"rendered":"https:\/\/stiipestiri.com\/?p=209"},"modified":"2023-11-12T12:13:01","modified_gmt":"2023-11-12T12:13:01","slug":"silvia-chifiriuc-si-petre-roman-aniversare-de-75-de-ani-si-iubire-neinfranta","status":"publish","type":"post","link":"https:\/\/stiipestiri.com\/?p=209","title":{"rendered":"Silvia Chifiriuc \u0219i Petre Roman: Aniversare de 75 de ani \u0219i iubire ne\u00eenfr\u00e2nt\u0103"},"content":{"rendered":"\n<h1 class=\"wp-block-heading\"><strong>Silvia Chifiriuc \u0219i Petre Roman, o poveste de iubire nea\u0219teptat\u0103<\/strong><\/h1>\n\n\n\n<p>Silvia Chifiriuc \u0219i Petre Roman, fostul premier al Rom\u00e2niei, au unit destinele \u00een anul 2009, \u00eentr-o c\u0103s\u0103torie care a surprins pe mul\u021bi. De\u0219i pu\u021bini le-au dat \u0219anse de reu\u0219it\u0103, cei doi au demonstrat c\u0103 iubirea lor este mai puternic\u0103 ca oric\u00e2nd. Cu ocazia \u00eemplinirii v\u00e2rstei de 75 de ani a fostului premier, Silvia a postat un anun\u021b pe re\u021belele de socializare care i-a luat prin surprindere pe mul\u021bi, confirm\u00e2nd astfel c\u0103 mariajul lor este solid \u0219i fericit.<\/p>\n\n\n\n<h2 class=\"wp-block-heading\"><strong>O poveste de iubire nea\u0219teptat\u0103<\/strong><\/h2>\n\n\n\n<p>Silvia Chifiriuc \u0219i Petre Roman s-au c\u0103s\u0103torit \u00een anul 2009, \u00eentr-o ceremonie restr\u00e2ns\u0103 care a st\u00e2rnit curiozitatea presei \u0219i a publicului. Mul\u021bi erau sceptici \u00een privin\u021ba acestei rela\u021bii, dat fiind diferen\u021ba de v\u00e2rst\u0103 \u0219i trecutul tumultuos al fostului premier. Cu toate acestea, cei doi au reu\u0219it s\u0103 \u00ee\u0219i construiasc\u0103 o c\u0103snicie solid\u0103 \u0219i fericit\u0103.<\/p>\n\n\n\n<h2 class=\"wp-block-heading\"><strong>Un anun\u021b surprinz\u0103tor pe re\u021belele de socializare<\/strong><\/h2>\n\n\n\n<p>Cu ocazia \u00eemplinirii v\u00e2rstei de 75 de ani a so\u021bului s\u0103u, Silvia Chifiriuc a ales s\u0103 \u00ee\u0219i exprime iubirea \u0219i admira\u021bia fa\u021b\u0103 de el printr-un mesaj postat pe re\u021belele de socializare. Mesajul a surprins pe mul\u021bi, \u00eentruc\u00e2t a demonstrat c\u0103 iubirea lor este mai puternic\u0103 ca oric\u00e2nd.<\/p>\n\n\n\n<p>\u201cTe iubesc cu aceea\u0219i pasiune \u0219i dorin\u021b\u0103, iubirea mea! La mul\u021bi ani!\u201d, a scris Silvia Chifiriuc \u00eentr-o postare care a str\u00e2ns numeroase aprecieri \u0219i comentarii din partea prietenilor \u0219i fanilor lor.<\/p>\n\n\n\n<h2 class=\"wp-block-heading\"><strong>O zi de s\u0103rb\u0103toare dubl\u0103 pentru Oana Roman<\/strong><\/h2>\n\n\n\n<p>Fiica cuplului, Oana Roman, a avut parte de o zi de s\u0103rb\u0103toare dubl\u0103 \u00een data de 22 iulie, deoarece este \u0219i ziua tat\u0103lui ei, dar \u0219i ziua surorii sale, Catinca. Ea a ales s\u0103 \u00ee\u0219i exprime afec\u021biunea fa\u021b\u0103 de ambii p\u0103rin\u021bi \u00eentr-o postare emo\u021bionant\u0103.<\/p>\n\n\n\n<p>\u201cLa mul\u021bi ani, Catinca! La mul\u021bi ani, tati, s\u0103 fii s\u0103n\u0103tos \u0219i minunat \u0219i mi-e dor de tine! Sunt n\u0103scu\u021bi \u00een aceea\u0219i zi \u0219i este o poveste foarte frumoas\u0103. C\u00e2nd p\u0103rin\u021bii mei s-au cunoscut, tata a invitat-o pe mama la mas\u0103, iar ea a spus \u2018\u00eemi pare r\u0103u, nu pot s\u0103 vin c\u0103 este ziua fetei mele\u2019. \u0218i tata i-a zis: \u2018Da, dar este \u0219i ziua mea. Cum facem?\u2019. Ast\u0103zi este o zi special\u0103. S\u0103 fii cool ca p\u00e2n\u0103 acum\u201d, a declarat Oana Roman.<\/p>\n\n\n\n<h2 class=\"wp-block-heading\"><strong>Un omagiu adus unui tat\u0103 iubit \u0219i admirat<\/strong><\/h2>\n\n\n\n<p>\u00cen ciuda programului \u00eenc\u0103rcat, Oana Roman a m\u0103rturisit c\u0103 nu a apucat s\u0103 \u00eel sune pe tat\u0103l ei pentru a-i ura La mul\u021bi ani \u00een ziua anivers\u0103rii sale. Ea a subliniat faptul c\u0103 \u00eei dore\u0219te s\u0103 fie la fel de \u00een form\u0103 \u0219i s\u0103n\u0103tos ca p\u00e2n\u0103 acum \u0219i a recunoscut c\u0103 aspectul s\u0103u fizic remarcabil se datoreaz\u0103 unui stil de via\u021b\u0103 disciplinat \u0219i mult sport.<\/p>\n\n\n\n<p>\u201cMi-a zis c\u0103 pleac\u0103 de ziua lui undeva. \u00cemi pare r\u0103u c\u0103 nu am apucat s\u0103-l sun, pentru c\u0103 am ni\u0219te zile foarte aglomerate. Am ajuns acas\u0103 la 1 noaptea. Cam a\u0219a sunt zilele mele. Eu \u00eei doresc s\u0103 fie la fel de \u00een form\u0103 ca p\u00e2n\u0103 acum. Arat\u0103 extraordinar, dar cu ce pre\u021b\u2026 Cu o via\u021b\u0103 disciplinat\u0103, cu mult sport \u0219i cu mult\u0103 grij\u0103\u201d, a mai ad\u0103ugat Oana Roman.<\/p>\n\n\n\n<h2 class=\"wp-block-heading\"><strong>Concluzie<\/strong><\/h2>\n\n\n\n<p>Silvia Chifiriuc \u0219i Petre Roman demonstreaz\u0103 c\u0103 iubirea adev\u0103rat\u0103 nu \u021bine cont de prejudec\u0103\u021bi \u0219i c\u0103s\u0103toria lor este un exemplu de soliditate \u0219i fericire. Mesajul postat de Silvia pe re\u021belele de socializare a dovedit c\u0103 leg\u0103tura lor este puternic\u0103 \u0219i c\u0103 au reu\u0219it s\u0103 treac\u0103 peste critici \u0219i adversit\u0103\u021bi. Cu ocazia anivers\u0103rii fostului premier, familia Roman a s\u0103rb\u0103torit nu doar ziua lui, ci \u0219i ziua surorii \u0219i fiicei lor, Catinca. Oana Roman a transmis un mesaj emo\u021bionant de apreciere \u0219i afec\u021biune fa\u021b\u0103 de tat\u0103l s\u0103u, \u0219i-a exprimat dorul \u0219i admira\u021bia pentru el. Aceast\u0103 poveste de iubire \u0219i leg\u0103tur\u0103 familial\u0103 r\u0103m\u00e2ne un exemplu demn de urmat pentru to\u021bi cei care cred \u00een puterea adev\u0103ratei iubiri \u0219i \u00eentr-o c\u0103snicie fericit\u0103.<\/p>\n","protected":false},"excerpt":{"rendered":"<p>Silvia Chifiriuc \u0219i Petre Roman, o poveste de iubire nea\u0219teptat\u0103 Silvia Chifiriuc \u0219i Petre Roman, fostul premier al Rom\u00e2niei, au unit destinele \u00een anul 2009, \u00eentr-o c\u0103s\u0103torie care a surprins pe mul\u021bi. De\u0219i pu\u021bini le-au dat \u0219anse de reu\u0219it\u0103, cei doi au demonstrat c\u0103 iubirea lor este mai puternic\u0103 ca oric\u00e2nd. Cu ocazia \u00eemplinirii v\u00e2rstei&#8230;<\/p>\n","protected":false},"author":1,"featured_media":210,"comment_status":"open","ping_status":"open","sticky":false,"template":"","format":"standard","meta":{"_kad_post_transparent":"","_kad_post_title":"","_kad_post_layout":"","_kad_post_sidebar_id":"","_kad_post_content_style":"","_kad_post_vertical_padding":"","_kad_post_feature":"","_kad_post_feature_position":"","_kad_post_header":false,"_kad_post_footer":false,"_kad_post_classname":"","footnotes":""},"categories":[1],"tags":[],"class_list":["post-209","post","type-post","status-publish","format-standard","has-post-thumbnail","hentry","category-uncategorized"],"_links":{"self":[{"href":"https:\/\/stiipestiri.com\/index.php?rest_route=\/wp\/v2\/posts\/209","targetHints":{"allow":["GET"]}}],"collection":[{"href":"https:\/\/stiipestiri.com\/index.php?rest_route=\/wp\/v2\/posts"}],"about":[{"href":"https:\/\/stiipestiri.com\/index.php?rest_route=\/wp\/v2\/types\/post"}],"author":[{"embeddable":true,"href":"https:\/\/stiipestiri.com\/index.php?rest_route=\/wp\/v2\/users\/1"}],"replies":[{"embeddable":true,"href":"https:\/\/stiipestiri.com\/index.php?rest_route=%2Fwp%2Fv2%2Fcomments&post=209"}],"version-history":[{"count":1,"href":"https:\/\/stiipestiri.com\/index.php?rest_route=\/wp\/v2\/posts\/209\/revisions"}],"predecessor-version":[{"id":211,"href":"https:\/\/stiipestiri.com\/index.php?rest_route=\/wp\/v2\/posts\/209\/revisions\/211"}],"wp:featuredmedia":[{"embeddable":true,"href":"https:\/\/stiipestiri.com\/index.php?rest_route=\/wp\/v2\/media\/210"}],"wp:attachment":[{"href":"https:\/\/stiipestiri.com\/index.php?rest_route=%2Fwp%2Fv2%2Fmedia&parent=209"}],"wp:term":[{"taxonomy":"category","embeddable":true,"href":"https:\/\/stiipestiri.com\/index.php?rest_route=%2Fwp%2Fv2%2Fcategories&post=209"},{"taxonomy":"post_tag","embeddable":true,"href":"https:\/\/stiipestiri.com\/index.php?rest_route=%2Fwp%2Fv2%2Ftags&post=209"}],"curies":[{"name":"wp","href":"https:\/\/api.w.org\/{rel}","templated":true}]}}